{"id":11385,"date":"2025-01-31T09:34:58","date_gmt":"2025-01-31T09:34:58","guid":{"rendered":"https:\/\/otimo.pro\/?p=11385"},"modified":"2025-02-14T09:46:03","modified_gmt":"2025-02-14T09:46:03","slug":"otimo-na-targach-intralogistica-poland-expo","status":"publish","type":"post","link":"https:\/\/otimo.pro\/en\/otimo-na-targach-intralogistica-poland-expo\/","title":{"rendered":"Otimo at INTRALOGISTICA Poland Expo"},"content":{"rendered":"<p><strong>The end of January is the period when the heart of logistics in Poland will be the International Warehouse Logistics Fair - <a href=\"https:\/\/www.linkedin.com\/company\/intralogistica-poland-expo\/\">INTRALOGISTICA Poland Expo<\/a>. This year, the fair took place on January 28-30, 2025 at <a href=\"https:\/\/www.linkedin.com\/company\/warsaw-expo\/\">Ptak Warsaw Expo<\/a>. We couldn't miss it.<\/strong><\/p>\n\n\n\n<p><a href=\"https:\/\/www.linkedin.com\/in\/ACoAAAYKsyQBaif7fDYzQ1eyEj3vfSQ32jBI9Rc\"><\/a><a href=\"https:\/\/www.linkedin.com\/in\/krzysztof-cha%C5%82adyn-030b4429\/\">Krzysztof Cha\u0142adyn<\/a>, President of Otimo sp. z o.o. he was not only active behind the scenes (as usual \ud83d\ude09), but fair participants also had the opportunity to listen to him. Krzysztof took part in the conference that was part of the fair - Warehouse Logistics Conference (organized by <a href=\"https:\/\/www.linkedin.com\/in\/ACoAAA7tDx8Bg7XFJQBKfbwHMT4Ag2b83-am2Lg\"><\/a><a href=\"https:\/\/www.linkedin.com\/in\/piotrsusz\/\">Piotr Susz<\/a> and <a href=\"https:\/\/www.linkedin.com\/company\/locurapl\/\">Locura Consulting<\/a>).\u00a0Jej drugiego dnia (29.01.2025) wyst\u0119powa\u0142 najpierw w roli panelisty w dyskusji na temat &#8220;Projektowanie Magazyn\u00f3w: trendy i innowacje&#8221;, a nast\u0119pnie zaprezentowa\u0142 prelekcj\u0119 pod tytu\u0142em &#8220;Technologie wspieraj\u0105ce zarz\u0105dzanie \u0142a\u0144cuchem dostaw. Prezentacja innowacyjnych narz\u0119dzi i system\u00f3w wspieraj\u0105cych zarz\u0105dzanie \u0142a\u0144cuchem dostaw.&#8221;<\/p>\n\n\n\n<figure class=\"wp-block-image size-large\"><img fetchpriority=\"high\" decoding=\"async\" width=\"1024\" height=\"534\" src=\"https:\/\/otimo.pro\/wp-content\/uploads\/2025\/02\/1738146994744-1024x534.jpg\" alt=\"\" class=\"wp-image-11387\" srcset=\"https:\/\/otimo.pro\/wp-content\/uploads\/2025\/02\/1738146994744-1024x534.jpg 1024w, https:\/\/otimo.pro\/wp-content\/uploads\/2025\/02\/1738146994744-300x156.jpg 300w, https:\/\/otimo.pro\/wp-content\/uploads\/2025\/02\/1738146994744-768x401.jpg 768w, https:\/\/otimo.pro\/wp-content\/uploads\/2025\/02\/1738146994744-1536x801.jpg 1536w, https:\/\/otimo.pro\/wp-content\/uploads\/2025\/02\/1738146994744-18x9.jpg 18w, https:\/\/otimo.pro\/wp-content\/uploads\/2025\/02\/1738146994744.jpg 1578w\" sizes=\"(max-width: 1024px) 100vw, 1024px\" \/><\/figure>\n\n\n\n<p><br>There are rumors that it was very interesting! \ud83d\ude00 We invite everyone interested to read the skeleton of the lecture that Krzysztof gave (in Polish):<\/p>\n\n\n\n<div data-wp-interactive=\"core\/file\" class=\"wp-block-file\"><object data-wp-bind--hidden=\"!state.hasPdfPreview\" hidden class=\"wp-block-file__embed\" data=\"https:\/\/otimo.pro\/wp-content\/uploads\/2025\/02\/WMSTMS.pdf\" type=\"application\/pdf\" style=\"width:100%;height:600px\" aria-label=\"Embed of WMS&amp;TMS.\"><\/object><a id=\"wp-block-file--media-586b70f1-4b40-4dc5-ae8e-e5698c3fc931\" href=\"https:\/\/otimo.pro\/wp-content\/uploads\/2025\/02\/WMSTMS.pdf\">WMS&#038;TMS<\/a><a href=\"https:\/\/otimo.pro\/wp-content\/uploads\/2025\/02\/WMSTMS.pdf\" class=\"wp-block-file__button wp-element-button\" download aria-describedby=\"wp-block-file--media-586b70f1-4b40-4dc5-ae8e-e5698c3fc931\">Download<\/a><\/div>\n\n\n\n<div class=\"wp-block-media-text is-stacked-on-mobile\"><figure class=\"wp-block-media-text__media\"><\/figure><div class=\"wp-block-media-text__content\">\n<p><\/p>\n<\/div><\/div>\n\n\n\n<p><br><\/p>\n\n\n\n<p><\/p>\n\n\n\n<div class=\"wp-block-group\"><div class=\"wp-block-group__inner-container is-layout-constrained wp-block-group-is-layout-constrained\">\n<figure class=\"wp-block-gallery has-nested-images columns-default is-cropped wp-block-gallery-1 is-layout-flex wp-block-gallery-is-layout-flex\"><\/figure>\n<\/div><\/div>\n\n\n\n<p><\/p>","protected":false},"excerpt":{"rendered":"<p>In the coming days, the heart of logistics in Poland will be the International Warehouse Logistics Fair - INTRALOGISTICA Poland Expo. The fair takes place on January 28-30, 2025 at Ptak Warsaw Expo. We couldn't miss it. <\/p>","protected":false},"author":2,"featured_media":11386,"comment_status":"closed","ping_status":"open","sticky":false,"template":"","format":"standard","meta":{"footnotes":""},"categories":[647,636,590,579,589,637],"tags":[658,646,582,586,660,659],"class_list":["post-11385","post","type-post","status-publish","format-standard","has-post-thumbnail","hentry","category-ai-sztuczna-inteligencja","category-algorytmy","category-logistyka","category-optymalizacja","category-otimo","category-wydarzenia","tag-logistics","tag-logistyka","tag-optymalizacja","tag-otimo","tag-tms","tag-wms"],"_links":{"self":[{"href":"https:\/\/otimo.pro\/en\/wp-json\/wp\/v2\/posts\/11385","targetHints":{"allow":["GET"]}}],"collection":[{"href":"https:\/\/otimo.pro\/en\/wp-json\/wp\/v2\/posts"}],"about":[{"href":"https:\/\/otimo.pro\/en\/wp-json\/wp\/v2\/types\/post"}],"author":[{"embeddable":true,"href":"https:\/\/otimo.pro\/en\/wp-json\/wp\/v2\/users\/2"}],"replies":[{"embeddable":true,"href":"https:\/\/otimo.pro\/en\/wp-json\/wp\/v2\/comments?post=11385"}],"version-history":[{"count":1,"href":"https:\/\/otimo.pro\/en\/wp-json\/wp\/v2\/posts\/11385\/revisions"}],"predecessor-version":[{"id":11389,"href":"https:\/\/otimo.pro\/en\/wp-json\/wp\/v2\/posts\/11385\/revisions\/11389"}],"wp:featuredmedia":[{"embeddable":true,"href":"https:\/\/otimo.pro\/en\/wp-json\/wp\/v2\/media\/11386"}],"wp:attachment":[{"href":"https:\/\/otimo.pro\/en\/wp-json\/wp\/v2\/media?parent=11385"}],"wp:term":[{"taxonomy":"category","embeddable":true,"href":"https:\/\/otimo.pro\/en\/wp-json\/wp\/v2\/categories?post=11385"},{"taxonomy":"post_tag","embeddable":true,"href":"https:\/\/otimo.pro\/en\/wp-json\/wp\/v2\/tags?post=11385"}],"curies":[{"name":"wp","href":"https:\/\/api.w.org\/{rel}","templated":true}]}}